{"id":388,"date":"2021-10-21T01:56:26","date_gmt":"2021-10-21T01:56:26","guid":{"rendered":"https:\/\/hara.thembaydev.com\/?p=388"},"modified":"2022-06-19T03:52:45","modified_gmt":"2022-06-19T03:52:45","slug":"retos-de-la-agroindustria","status":"publish","type":"post","link":"https:\/\/www.gradesa.com\/es\/en\/2021\/10\/21\/retos-de-la-agroindustria\/","title":{"rendered":"Retos de la agroindustria"},"content":{"rendered":"<div data-elementor-type=\"wp-post\" data-elementor-id=\"388\" class=\"elementor elementor-388\">\n\t\t\t\t\t\t\t\t\t<section class=\"elementor-section elementor-top-section elementor-element elementor-element-4de17f3 elementor-section-boxed elementor-section-height-default elementor-section-height-default\" data-id=\"4de17f3\" data-element_type=\"section\">\n\t\t\t\t\t\t<div class=\"elementor-container elementor-column-gap-no\">\n\t\t\t\t\t<div class=\"elementor-column elementor-col-100 elementor-top-column elementor-element elementor-element-6002ccda\" data-id=\"6002ccda\" data-element_type=\"column\">\n\t\t\t<div class=\"elementor-widget-wrap elementor-element-populated\">\n\t\t\t\t\t\t\t\t<div class=\"elementor-element elementor-element-38311669 elementor-widget elementor-widget-text-editor\" data-id=\"38311669\" data-element_type=\"widget\" data-widget_type=\"text-editor.default\">\n\t\t\t\t<div class=\"elementor-widget-container\">\n\t\t\t<style>\/*! elementor - v3.16.0 - 20-09-2023 *\/\n.elementor-widget-text-editor.elementor-drop-cap-view-stacked .elementor-drop-cap{background-color:#69727d;color:#fff}.elementor-widget-text-editor.elementor-drop-cap-view-framed .elementor-drop-cap{color:#69727d;border:3px solid;background-color:transparent}.elementor-widget-text-editor:not(.elementor-drop-cap-view-default) .elementor-drop-cap{margin-top:8px}.elementor-widget-text-editor:not(.elementor-drop-cap-view-default) .elementor-drop-cap-letter{width:1em;height:1em}.elementor-widget-text-editor .elementor-drop-cap{float:left;text-align:center;line-height:1;font-size:50px}.elementor-widget-text-editor .elementor-drop-cap-letter{display:inline-block}<\/style>\t\t\t\t\u201cDentro de los retos del sector uno de los m\u00e1s importantes es el de incrementar la productividad y mejorar la eficiencia de nuestros procesos. En este aspecto, la Conferencia ofreci\u00f3 informaci\u00f3n concreta que a cualquier palmero le permitir\u00eda establecer realmente cu\u00e1l es la mejor forma para avanzar en la ruta de la productividad\u201d, subray\u00f3 el Presidente Ejecutivo de Fedepalma. Manifest\u00f3 que el futuro de la agroindustria estar\u00e1 cada vez m\u00e1s ligado a las exportaciones, y en este sentido tambi\u00e9n se dieron a conocer muchas informaciones sobre las rutas para lograr un mayor valor agregado y c\u00f3mo van los mercados internacionales, con el fin de que cada n\u00facleo palmero, con todo este conocimiento, junto a su planta extractora y sus proveedores, dise\u00f1en una estrategia para abordar el futuro que tienen los negocios de palma en Colombia. \u201cDesde Fedepalma queremos que cada n\u00facleo palmero cuente con su propia estrategia frente a los desaf\u00edos futuros, unos seguramente la desarrollar\u00e1n para atender el mercado de alimentos, otros quiz\u00e1 para no alimentarios; otros decidir\u00e1n dedicarse a ser altamente productivos y atender a todos los clientes, mientras otros se dedicar\u00e1n a la exportaci\u00f3n, entre otras perspectivas\u201d, dijo Jens Mesa Dishington. Se refiri\u00f3 a un producto destacado, fruto de la innovaci\u00f3n, como es el aceite de palma alto oleico, \u201cal cual le auguramos un gran futuro. Fue resultado de las palmas h\u00edbridas que se fueron sembrando en Colombia para defendernos de las enfermedades, pero que hoy se proyecta como un aceite con muchas posibilidades distintas al aceite tradicional de palma que hemos conocido\u201d y recalc\u00f3 que es clave dise\u00f1ar para este aceite una estrategia de posicionamiento y mercadeo espec\u00edfico. El dirigente gremial termin\u00f3 diciendo: \u201cnuestra invitaci\u00f3n es que todo este c\u00famulo de conocimientos y experiencias que se pudieron ver en la Conferencia Internacional, las capitalicemos en la construcci\u00f3n de un mejor futuro para todos\u201d.\n\n\t\t\t\t\t\t<\/div>\n\t\t\t\t<\/div>\n\t\t\t\t\t<\/div>\n\t\t<\/div>\n\t\t\t\t\t\t\t<\/div>\n\t\t<\/section>\n\t\t\t\t\t\t\t<\/div>","protected":false},"excerpt":{"rendered":"<p>\u201cDentro de los retos del sector uno de los m\u00e1s importantes es el de incrementar la productividad y mejorar la eficiencia de nuestros procesos. En este aspecto, la Conferencia ofreci\u00f3 informaci\u00f3n concreta que a cualquier palmero le permitir\u00eda establecer realmente cu\u00e1l es la mejor forma para avanzar en la ruta de la productividad\u201d, subray\u00f3 el Presidente Ejecutivo de Fedepalma.<\/p>","protected":false},"author":1,"featured_media":5916,"comment_status":"open","ping_status":"open","sticky":false,"template":"","format":"standard","meta":{"_joinchat":[],"footnotes":""},"categories":[1],"tags":[],"class_list":["post-388","post","type-post","status-publish","format-standard","has-post-thumbnail","hentry","category-sin-categoria"],"jetpack_featured_media_url":"https:\/\/www.gradesa.com\/es\/wp-content\/uploads\/2021\/10\/RETOS-DE-LA-AGRO-INDUSTRIA.jpg","_links":{"self":[{"href":"https:\/\/www.gradesa.com\/es\/en\/wp-json\/wp\/v2\/posts\/388","targetHints":{"allow":["GET"]}}],"collection":[{"href":"https:\/\/www.gradesa.com\/es\/en\/wp-json\/wp\/v2\/posts"}],"about":[{"href":"https:\/\/www.gradesa.com\/es\/en\/wp-json\/wp\/v2\/types\/post"}],"author":[{"embeddable":true,"href":"https:\/\/www.gradesa.com\/es\/en\/wp-json\/wp\/v2\/users\/1"}],"replies":[{"embeddable":true,"href":"https:\/\/www.gradesa.com\/es\/en\/wp-json\/wp\/v2\/comments?post=388"}],"version-history":[{"count":6,"href":"https:\/\/www.gradesa.com\/es\/en\/wp-json\/wp\/v2\/posts\/388\/revisions"}],"predecessor-version":[{"id":5917,"href":"https:\/\/www.gradesa.com\/es\/en\/wp-json\/wp\/v2\/posts\/388\/revisions\/5917"}],"wp:featuredmedia":[{"embeddable":true,"href":"https:\/\/www.gradesa.com\/es\/en\/wp-json\/wp\/v2\/media\/5916"}],"wp:attachment":[{"href":"https:\/\/www.gradesa.com\/es\/en\/wp-json\/wp\/v2\/media?parent=388"}],"wp:term":[{"taxonomy":"category","embeddable":true,"href":"https:\/\/www.gradesa.com\/es\/en\/wp-json\/wp\/v2\/categories?post=388"},{"taxonomy":"post_tag","embeddable":true,"href":"https:\/\/www.gradesa.com\/es\/en\/wp-json\/wp\/v2\/tags?post=388"}],"curies":[{"name":"wp","href":"https:\/\/api.w.org\/{rel}","templated":true}]}}