{"id":390,"date":"2021-10-21T01:56:30","date_gmt":"2021-10-21T01:56:30","guid":{"rendered":"https:\/\/hara.thembaydev.com\/?p=390"},"modified":"2022-06-14T03:20:22","modified_gmt":"2022-06-14T03:20:22","slug":"palma-africana","status":"publish","type":"post","link":"https:\/\/www.gradesa.com\/es\/en\/2021\/10\/21\/palma-africana\/","title":{"rendered":"La Palma Africana"},"content":{"rendered":"<div data-elementor-type=\"wp-post\" data-elementor-id=\"390\" class=\"elementor elementor-390\">\n\t\t\t\t\t\t\t\t\t<section class=\"elementor-section elementor-top-section elementor-element elementor-element-1b4a2e17 elementor-section-boxed elementor-section-height-default elementor-section-height-default\" data-id=\"1b4a2e17\" data-element_type=\"section\">\n\t\t\t\t\t\t<div class=\"elementor-container elementor-column-gap-no\">\n\t\t\t\t\t<div class=\"elementor-column elementor-col-100 elementor-top-column elementor-element elementor-element-4f7b1fad\" data-id=\"4f7b1fad\" data-element_type=\"column\">\n\t\t\t<div class=\"elementor-widget-wrap elementor-element-populated\">\n\t\t\t\t\t\t\t\t<div class=\"elementor-element elementor-element-1f8874ae elementor-widget elementor-widget-text-editor\" data-id=\"1f8874ae\" data-element_type=\"widget\" data-widget_type=\"text-editor.default\">\n\t\t\t\t<div class=\"elementor-widget-container\">\n\t\t\t<style>\/*! elementor - v3.16.0 - 20-09-2023 *\/\n.elementor-widget-text-editor.elementor-drop-cap-view-stacked .elementor-drop-cap{background-color:#69727d;color:#fff}.elementor-widget-text-editor.elementor-drop-cap-view-framed .elementor-drop-cap{color:#69727d;border:3px solid;background-color:transparent}.elementor-widget-text-editor:not(.elementor-drop-cap-view-default) .elementor-drop-cap{margin-top:8px}.elementor-widget-text-editor:not(.elementor-drop-cap-view-default) .elementor-drop-cap-letter{width:1em;height:1em}.elementor-widget-text-editor .elementor-drop-cap{float:left;text-align:center;line-height:1;font-size:50px}.elementor-widget-text-editor .elementor-drop-cap-letter{display:inline-block}<\/style>\t\t\t\t<p>El origen de la Palma de Aceite se ubica en las costas del golfo de Guinea en Africa occidental, desde donde se expandi\u00f3 en forma natural a lo largo de los m\u00e1rgenes de los grandes rios, seg\u00fan fue encontrando condiciones favorables de suelo y clima. Su introducci\u00f3n a la Am\u00e9rica tropical se atribuye a los colonizadores y comerciantes de esclavos portugueses, que en el siglo XVI utilizaron los frutos de la palma en los viajes transatl\u00e1nticos, como parte de la dieta alimenticia a que estaban habituados los escalvos que tra\u00edan al Brasil.<\/p>\t\t\t\t\t\t<\/div>\n\t\t\t\t<\/div>\n\t\t\t\t<div class=\"elementor-element elementor-element-5cfaa521 elementor-widget elementor-widget-text-editor\" data-id=\"5cfaa521\" data-element_type=\"widget\" data-widget_type=\"text-editor.default\">\n\t\t\t\t<div class=\"elementor-widget-container\">\n\t\t\t\t\t\t\t<p>Fue as\u00ed como se estableci\u00f3 la Palma de Aceite detr\u00e1s de la linea costera en la regi\u00f3n de San Salvador, antigua capital del Brasil, siendo esta la primera introducci\u00f3n al continente americano de la cual se tenga noticia. Al Asia la Palma de Aceite entr\u00f3 por Jaba en 1848, a donde se llevaron cuatro palmas cuyo origen exacto sigue siendo un misterio y con los cuales se dio comienzo a la m\u00e1s grande expansi\u00f3n de este cultivo en el mundo. Las primeras palmas africanas de aceite que en 1932 fueron introducidas a Colombia por el se\u00f1or Florentino Claes, se sembraron con fines ornamentales y lugares p\u00fablicos de algunos pueblos en la regi\u00f3n amaz\u00f3nica y en la Estaci\u00f3n Agricola de Palmira, en el Valle del Cauca. Sin embargo, fue la United Fruit Company quien sembr\u00f3 en 1945 la primera plantaci\u00f3n comercial con palmas procedentes de Honduras, en la zona bananera del Departamento del Magdalena.<\/p>\t\t\t\t\t\t<\/div>\n\t\t\t\t<\/div>\n\t\t\t\t<div class=\"elementor-element elementor-element-2cee4466 elementor-hidden-desktop elementor-hidden-tablet elementor-hidden-mobile elementor-widget elementor-widget-text-editor\" data-id=\"2cee4466\" data-element_type=\"widget\" data-widget_type=\"text-editor.default\">\n\t\t\t\t<div class=\"elementor-widget-container\">\n\t\t\t\t\t\t\t<blockquote><p>&#8220;Este fruto es nuestra conexi\u00f3n al mundo de la agricultura\u00bb&#8221;<\/p><\/blockquote>\t\t\t\t\t\t<\/div>\n\t\t\t\t<\/div>\n\t\t\t\t<div class=\"elementor-element elementor-element-70b45dff elementor-hidden-desktop elementor-hidden-tablet elementor-hidden-mobile elementor-widget elementor-widget-text-editor\" data-id=\"70b45dff\" data-element_type=\"widget\" data-widget_type=\"text-editor.default\">\n\t\t\t\t<div class=\"elementor-widget-container\">\n\t\t\t\t\t\t\t<p><strong>Cody Fisher<\/strong>\u00a0 &#8211;\u00a0 Manchester, Kentucky 39495<\/p>\t\t\t\t\t\t<\/div>\n\t\t\t\t<\/div>\n\t\t\t\t<div class=\"elementor-element elementor-element-3915523e elementor-widget elementor-widget-heading\" data-id=\"3915523e\" data-element_type=\"widget\" data-widget_type=\"heading.default\">\n\t\t\t\t<div class=\"elementor-widget-container\">\n\t\t\t<style>\/*! elementor - v3.16.0 - 20-09-2023 *\/\n.elementor-heading-title{padding:0;margin:0;line-height:1}.elementor-widget-heading .elementor-heading-title[class*=elementor-size-]>a{color:inherit;font-size:inherit;line-height:inherit}.elementor-widget-heading .elementor-heading-title.elementor-size-small{font-size:15px}.elementor-widget-heading .elementor-heading-title.elementor-size-medium{font-size:19px}.elementor-widget-heading .elementor-heading-title.elementor-size-large{font-size:29px}.elementor-widget-heading .elementor-heading-title.elementor-size-xl{font-size:39px}.elementor-widget-heading .elementor-heading-title.elementor-size-xxl{font-size:59px}<\/style><h2 class=\"elementor-heading-title elementor-size-default\">La expansi\u00f3n<\/h2>\t\t<\/div>\n\t\t\t\t<\/div>\n\t\t\t\t<div class=\"elementor-element elementor-element-36ecb47b elementor-widget elementor-widget-text-editor\" data-id=\"36ecb47b\" data-element_type=\"widget\" data-widget_type=\"text-editor.default\">\n\t\t\t\t<div class=\"elementor-widget-container\">\n\t\t\t\t\t\t\t<p>La expansi\u00f3n del cultivo ha variado enormemente en cada uno de los paises en donde se ha sembrado la palma, dependiendo fundamentalmente del impulso que le han dado respectivos gobiernos a trav\u00e9s de programas y facilidades y garant\u00edas para los inversionistas. En Colombia se puede decir que la expansi\u00f3n ha sido relativamente lenta, especialmente si se le compara con la de otros paises del continente asi\u00e1tico. Mientras que en Colombia se desarrollaron algo menos de 150.000 hect\u00e1reas en cuarenta a\u00f1os , paises como Malasia alcanzaron en igual periodo tres millones e Indonesia dos y medio millones de hect\u00e1reas. Sin embargo, el pa\u00eds dispone de grandes \u00e1reas aptas para el cultivo, las cuales se han estimado mediante diferentes estudios en 3,5 millones de hect\u00e1reas sin ning\u00fan tipo de restricci\u00f3n para la siembra de la palma de aceite, mientras que un poco mas de 6 millones presentan restricciones moderadas para el cultivo, seg\u00fan evaluaci\u00f3n edafoclim\u00e1tica de las tierras del tr\u00f3pico bajo colombiano.<\/p>\t\t\t\t\t\t<\/div>\n\t\t\t\t<\/div>\n\t\t\t\t<div class=\"elementor-element elementor-element-6c1feaea elementor-widget elementor-widget-heading\" data-id=\"6c1feaea\" data-element_type=\"widget\" data-widget_type=\"heading.default\">\n\t\t\t\t<div class=\"elementor-widget-container\">\n\t\t\t<h2 class=\"elementor-heading-title elementor-size-default\">Tipos de Palma Africana\n<\/h2>\t\t<\/div>\n\t\t\t\t<\/div>\n\t\t\t\t<section class=\"elementor-section elementor-inner-section elementor-element elementor-element-16be1d15 elementor-section-boxed elementor-section-height-default elementor-section-height-default\" data-id=\"16be1d15\" data-element_type=\"section\">\n\t\t\t\t\t\t<div class=\"elementor-container elementor-column-gap-no\">\n\t\t\t\t\t<div class=\"elementor-column elementor-col-50 elementor-inner-column elementor-element elementor-element-3d081197\" data-id=\"3d081197\" data-element_type=\"column\">\n\t\t\t<div class=\"elementor-widget-wrap elementor-element-populated\">\n\t\t\t\t\t\t\t\t<div class=\"elementor-element elementor-element-39b51d18 elementor-widget elementor-widget-image\" data-id=\"39b51d18\" data-element_type=\"widget\" data-widget_type=\"image.default\">\n\t\t\t\t<div class=\"elementor-widget-container\">\n\t\t\t<style>\/*! elementor - v3.16.0 - 20-09-2023 *\/\n.elementor-widget-image{text-align:center}.elementor-widget-image a{display:inline-block}.elementor-widget-image a img[src$=\".svg\"]{width:48px}.elementor-widget-image img{vertical-align:middle;display:inline-block}<\/style>\t\t\t\t\t\t\t\t\t\t\t\t<img loading=\"lazy\" decoding=\"async\" width=\"1301\" height=\"773\" src=\"https:\/\/www.gradesa.com\/es\/wp-content\/uploads\/2021\/10\/Pisifera.jpg\" class=\"attachment-full size-full wp-image-5686\" alt=\"\" \/>\t\t\t\t\t\t\t\t\t\t\t\t\t\t\t<\/div>\n\t\t\t\t<\/div>\n\t\t\t\t\t<\/div>\n\t\t<\/div>\n\t\t\t\t<div class=\"elementor-column elementor-col-50 elementor-inner-column elementor-element elementor-element-7d3c28f\" data-id=\"7d3c28f\" data-element_type=\"column\">\n\t\t\t<div class=\"elementor-widget-wrap elementor-element-populated\">\n\t\t\t\t\t\t\t\t<div class=\"elementor-element elementor-element-9d85571 elementor-widget elementor-widget-heading\" data-id=\"9d85571\" data-element_type=\"widget\" data-widget_type=\"heading.default\">\n\t\t\t\t<div class=\"elementor-widget-container\">\n\t\t\t<h2 class=\"elementor-heading-title elementor-size-default\">Pisifera (PxP)<\/h2>\t\t<\/div>\n\t\t\t\t<\/div>\n\t\t\t\t<div class=\"elementor-element elementor-element-069c6af elementor-widget elementor-widget-text-editor\" data-id=\"069c6af\" data-element_type=\"widget\" data-widget_type=\"text-editor.default\">\n\t\t\t\t<div class=\"elementor-widget-container\">\n\t\t\t\t\t\t\tSon aquellas que no tienen cuesco y se caracterizan por tener un porte, una alta producci\u00f3n de flores femeninas que generalmente no logran culminar la formaci\u00f3n de frutos. Carecen de inter\u00e9s en cualquier cultivo comercial.\t\t\t\t\t\t<\/div>\n\t\t\t\t<\/div>\n\t\t\t\t\t<\/div>\n\t\t<\/div>\n\t\t\t\t\t\t\t<\/div>\n\t\t<\/section>\n\t\t\t\t<section class=\"elementor-section elementor-inner-section elementor-element elementor-element-318a1e8 elementor-section-boxed elementor-section-height-default elementor-section-height-default\" data-id=\"318a1e8\" data-element_type=\"section\">\n\t\t\t\t\t\t<div class=\"elementor-container elementor-column-gap-no\">\n\t\t\t\t\t<div class=\"elementor-column elementor-col-50 elementor-inner-column elementor-element elementor-element-75c17ed\" data-id=\"75c17ed\" data-element_type=\"column\">\n\t\t\t<div class=\"elementor-widget-wrap elementor-element-populated\">\n\t\t\t\t\t\t\t\t<div class=\"elementor-element elementor-element-d708172 elementor-widget elementor-widget-image\" data-id=\"d708172\" data-element_type=\"widget\" data-widget_type=\"image.default\">\n\t\t\t\t<div class=\"elementor-widget-container\">\n\t\t\t\t\t\t\t\t\t\t\t\t\t\t\t<img loading=\"lazy\" decoding=\"async\" width=\"1301\" height=\"773\" src=\"https:\/\/www.gradesa.com\/es\/wp-content\/uploads\/2021\/10\/Dura.jpg\" class=\"attachment-full size-full wp-image-5685\" alt=\"\" \/>\t\t\t\t\t\t\t\t\t\t\t\t\t\t\t<\/div>\n\t\t\t\t<\/div>\n\t\t\t\t\t<\/div>\n\t\t<\/div>\n\t\t\t\t<div class=\"elementor-column elementor-col-50 elementor-inner-column elementor-element elementor-element-2b42011\" data-id=\"2b42011\" data-element_type=\"column\">\n\t\t\t<div class=\"elementor-widget-wrap elementor-element-populated\">\n\t\t\t\t\t\t\t\t<div class=\"elementor-element elementor-element-d2df825 elementor-widget elementor-widget-heading\" data-id=\"d2df825\" data-element_type=\"widget\" data-widget_type=\"heading.default\">\n\t\t\t\t<div class=\"elementor-widget-container\">\n\t\t\t<h2 class=\"elementor-heading-title elementor-size-default\">Dura (DxD)<\/h2>\t\t<\/div>\n\t\t\t\t<\/div>\n\t\t\t\t<div class=\"elementor-element elementor-element-730a711 elementor-widget elementor-widget-text-editor\" data-id=\"730a711\" data-element_type=\"widget\" data-widget_type=\"text-editor.default\">\n\t\t\t\t<div class=\"elementor-widget-container\">\n\t\t\t\t\t\t\tSon las palmas que se cultivaron en el mundo entero hasta finales de la d\u00e9cada de los a\u00f1os sesenta, cuya principal caracteristica era la presencia de un gran cuesco de 2 a 8 mil\u00edmetros de espesor, en detrimento del porcentaje de p\u00f9lpa y por lo tanto del contenidov de aceite. Aun quedan algunas pocas \u00e1reas en plantaciones comerciales sembradas con este tipo de palmas que son poco rentables y competitivas.\t\t\t\t\t\t<\/div>\n\t\t\t\t<\/div>\n\t\t\t\t\t<\/div>\n\t\t<\/div>\n\t\t\t\t\t\t\t<\/div>\n\t\t<\/section>\n\t\t\t\t<section class=\"elementor-section elementor-inner-section elementor-element elementor-element-8439fd3 elementor-section-boxed elementor-section-height-default elementor-section-height-default\" data-id=\"8439fd3\" data-element_type=\"section\">\n\t\t\t\t\t\t<div class=\"elementor-container elementor-column-gap-no\">\n\t\t\t\t\t<div class=\"elementor-column elementor-col-50 elementor-inner-column elementor-element elementor-element-3025291\" data-id=\"3025291\" data-element_type=\"column\">\n\t\t\t<div class=\"elementor-widget-wrap elementor-element-populated\">\n\t\t\t\t\t\t\t\t<div class=\"elementor-element elementor-element-ac6f983 elementor-widget elementor-widget-image\" data-id=\"ac6f983\" data-element_type=\"widget\" data-widget_type=\"image.default\">\n\t\t\t\t<div class=\"elementor-widget-container\">\n\t\t\t\t\t\t\t\t\t\t\t\t\t\t\t<img loading=\"lazy\" decoding=\"async\" width=\"1301\" height=\"773\" src=\"https:\/\/www.gradesa.com\/es\/wp-content\/uploads\/2021\/10\/Tenera.jpg\" class=\"attachment-full size-full wp-image-5687\" alt=\"\" \/>\t\t\t\t\t\t\t\t\t\t\t\t\t\t\t<\/div>\n\t\t\t\t<\/div>\n\t\t\t\t\t<\/div>\n\t\t<\/div>\n\t\t\t\t<div class=\"elementor-column elementor-col-50 elementor-inner-column elementor-element elementor-element-828b2c3\" data-id=\"828b2c3\" data-element_type=\"column\">\n\t\t\t<div class=\"elementor-widget-wrap elementor-element-populated\">\n\t\t\t\t\t\t\t\t<div class=\"elementor-element elementor-element-3352143 elementor-widget elementor-widget-heading\" data-id=\"3352143\" data-element_type=\"widget\" data-widget_type=\"heading.default\">\n\t\t\t\t<div class=\"elementor-widget-container\">\n\t\t\t<h2 class=\"elementor-heading-title elementor-size-default\">T\u00e9nera (DxP)<\/h2>\t\t<\/div>\n\t\t\t\t<\/div>\n\t\t\t\t<div class=\"elementor-element elementor-element-6903bfb elementor-widget elementor-widget-text-editor\" data-id=\"6903bfb\" data-element_type=\"widget\" data-widget_type=\"text-editor.default\">\n\t\t\t\t<div class=\"elementor-widget-container\">\n\t\t\t\t\t\t\tPor ser un hibrido proveniente del cruzamiento de dura por pisifera, su cuesco es delgado y la proporci\u00f3n de pulpa bastante mayor. Esto implica que el contenido de aceite sea significativamente m\u00e1s abundante. Al hacer un corte transerval de un fruto t\u00e9nera, se observa un anillo de fibras oscuras, cuando el espesor del cuesco deja alguna duda. Estas palmas son las m\u00e1s sembradas en plantaciones comerciales a escala mundial.\t\t\t\t\t\t<\/div>\n\t\t\t\t<\/div>\n\t\t\t\t\t<\/div>\n\t\t<\/div>\n\t\t\t\t\t\t\t<\/div>\n\t\t<\/section>\n\t\t\t\t\t<\/div>\n\t\t<\/div>\n\t\t\t\t\t\t\t<\/div>\n\t\t<\/section>\n\t\t\t\t\t\t\t<\/div>","protected":false},"excerpt":{"rendered":"<p>El origen de la Palma de Aceite se ubica en las costas del golfo de Guinea en Africa occidental, desde donde se expandi\u00f3 en forma natural a lo largo de los m\u00e1rgenes de los grandes rios, seg\u00fan fue encontrando condiciones favorables de suelo y clima. Su introducci\u00f3n a la Am\u00e9rica tropical se atribuye a los colonizadores y comerciantes de esclavos portugueses, que en el siglo XVI utilizaron los frutos de la palma en los viajes transatl\u00e1nticos, como parte de la dieta alimenticia a que estaban habituados los escalvos que tra\u00edan al Brasil.<\/p>","protected":false},"author":1,"featured_media":5674,"comment_status":"closed","ping_status":"closed","sticky":false,"template":"","format":"standard","meta":{"_joinchat":[],"footnotes":""},"categories":[1],"tags":[],"class_list":["post-390","post","type-post","status-publish","format-standard","has-post-thumbnail","hentry","category-sin-categoria"],"jetpack_featured_media_url":"https:\/\/www.gradesa.com\/es\/wp-content\/uploads\/2021\/10\/Screenshot-2021-01-12-at-13.56.19.png","_links":{"self":[{"href":"https:\/\/www.gradesa.com\/es\/en\/wp-json\/wp\/v2\/posts\/390","targetHints":{"allow":["GET"]}}],"collection":[{"href":"https:\/\/www.gradesa.com\/es\/en\/wp-json\/wp\/v2\/posts"}],"about":[{"href":"https:\/\/www.gradesa.com\/es\/en\/wp-json\/wp\/v2\/types\/post"}],"author":[{"embeddable":true,"href":"https:\/\/www.gradesa.com\/es\/en\/wp-json\/wp\/v2\/users\/1"}],"replies":[{"embeddable":true,"href":"https:\/\/www.gradesa.com\/es\/en\/wp-json\/wp\/v2\/comments?post=390"}],"version-history":[{"count":9,"href":"https:\/\/www.gradesa.com\/es\/en\/wp-json\/wp\/v2\/posts\/390\/revisions"}],"predecessor-version":[{"id":5691,"href":"https:\/\/www.gradesa.com\/es\/en\/wp-json\/wp\/v2\/posts\/390\/revisions\/5691"}],"wp:featuredmedia":[{"embeddable":true,"href":"https:\/\/www.gradesa.com\/es\/en\/wp-json\/wp\/v2\/media\/5674"}],"wp:attachment":[{"href":"https:\/\/www.gradesa.com\/es\/en\/wp-json\/wp\/v2\/media?parent=390"}],"wp:term":[{"taxonomy":"category","embeddable":true,"href":"https:\/\/www.gradesa.com\/es\/en\/wp-json\/wp\/v2\/categories?post=390"},{"taxonomy":"post_tag","embeddable":true,"href":"https:\/\/www.gradesa.com\/es\/en\/wp-json\/wp\/v2\/tags?post=390"}],"curies":[{"name":"wp","href":"https:\/\/api.w.org\/{rel}","templated":true}]}}